{"id":1115,"date":"2016-12-05T18:46:40","date_gmt":"2016-12-05T16:46:40","guid":{"rendered":"http:\/\/www.volvo-original.de\/?p=1115"},"modified":"2017-06-30T18:48:05","modified_gmt":"2017-06-30T16:48:05","slug":"voc-2016-size-the-day","status":"publish","type":"post","link":"http:\/\/volvo-original.de\/?p=1115","title":{"rendered":"VOC 2016 &#8211; Size The Day"},"content":{"rendered":"<p>Zum Abschluss einer sehr gelungenen Saison im Volvo Original Cup 2016 waren wie \u00fcblich die Teams und Freunde des VOC eingeladen, diesmal in Neuruppin ein abschlie\u00dfendes Training durchzuf\u00fchren und die Sieger zu ehren.<\/p>\n<p>\nBekanntlich haben sich Werner L\u00f6seke und Paul Tenberge im 944 zum 4. mal den Meistertitel erarbeitet und verdient! Den Vice-Titel haben Anja C. Frese und Tim Berz mit dem 244 eingefahren. Dies nicht zuletzt, da Anja ihren alten, gelben 244 zur Havelland reaktivierte. Das VOC-Ur-Viech hat das Programm schlichtweg nach Plan abgespult. H\u00e4tte knapp werden k\u00f6nnen, denn Hagen Fritsch und Martin Luthardt im 244 (Knut-Inge) wollten auch ran. Allerdings sollte das durch einen erneuten Ausfall des Fritschen 240 zur Havelland denn gar nicht klappen &#8211; wie zuvor berichtet.\n<\/p>\n<p>\n<img decoding=\"async\" src=\"pic\/all01s.jpg\" alt=\"\"\/><br \/>\n<img decoding=\"async\" src=\"wp-content\/pic\/2016\/all01s.jpg\" alt=\"\"\/><br \/>\n<img decoding=\"async\" src=\"pic\/fri01s.jpg\" alt=\"\"\/><img decoding=\"async\" src=\"pic\/fre01s.jpg\" alt=\"\"\/><br \/>\n<img decoding=\"async\" src=\"wp-content\/pic\/2016\/fri01s.jpg\" alt=\"\"\/><img decoding=\"async\" src=\"wp-content\/pic\/2016\/fre01s.jpg\" alt=\"\"\/>\n<\/p>\n<p>\nF\u00fcr die Zahlenfreaks, hier was aus der Statistik: Durchschnittlich waren 6,6 VOC-Vovlos bei den in Deutschland ausgetragenen Rallye-Veranstaltungen am Start. Dies von derzeit 15 aktiven Teams in Deutschland, eines in Gro\u00df Britanien und eines in den Niederlanden.\n<\/p>\n<p>\nDie Saison war nicht zuletzt so erfolgreich, da sich die Teams auf Service, nat\u00fcrlich in dem Rahmen, was zu einer Rallye 35 oder 70 erlaubt ist, verlassen konnten. Zur Sulingen als Nat. A gab es nat\u00fcrlich Full-Service. Silvio und Freddy Mollitor, teils samt Familie waren vor Ort und hatten nebst dem gut ausgestatteten Skandix-Service-Auto die g\u00e4ngigsten Ersatzteile von Skandix an Bord. Die Nachfrage nach Ersatzteilen an dem Ort, wo man es wirklich braucht &#8211; und das schnell &#8211; ergab eine Summe von 400.- EUR. Diese Summe wurde an das \u00f6rtliche Kinderheim des DRK Kreisverbandes Ostprignitz Ruppin e.V. zur Ausrichtung der Weihnachtsfeier gespendet.\n<\/p>\n<p>\nEinige Kinder der Rasselbande waren vor Ort und konnten in den Volvos als Co im sanften Training teilhaben. Das kam gut an bei den Kleinen!\n<\/p>\n<p>\n<img decoding=\"async\" src=\"pic\/kra01s.jpg\" alt=\"\"\/><img decoding=\"async\" src=\"pic\/div01s.jpg\" alt=\"\"\/><br \/>\n<img decoding=\"async\" src=\"wp-content\/pic\/2016\/kra01s.jpg\" alt=\"\"\/><img decoding=\"async\" src=\"wp-content\/pic\/2016\/div01s.jpg\" alt=\"\"\/><br \/>\n<img decoding=\"async\" src=\"pic\/all02s.jpg\" alt=\"\"\/><br \/>\n<img decoding=\"async\" src=\"wp-content\/pic\/2016\/all02s.jpg\" alt=\"\"\/>\n<\/p>\n<p>\nDabei war bereits jetzt eines der zu erwartenden zwei neuen VOC-Teams f\u00fcr 2017. Jeweils Junioren mit neu gebauten 940ern. Patrick hat den Tag genutzt, um ausgiebig zu Testen und zu Lernen. (Frei nach dem Motto: &#8218;Size the Day&#8216;) Der Volvo derweil hat alles, was im Rallyebetrieb nicht n\u00f6tig sein wird (Zierrat und Pastikverkleidungen) abgelegt. Patrick Rodewald mit Co Laura G\u00fcrtler und als weiteres Junior-Team will Daniel Ostmann mit Co im neuen Jahr die neu aufgebauten 940 VOC an den Start bringen. Zudem k\u00f6nnen wir gespannt sein, welche weiteren Teams zum Volvo Original Cup finden &#8211; man munkelt hier und da dies und das. Lassen wir uns \u00fcberraschen!\n<\/p>\n<p>\nSomit blicken wir in das neue Jahr, was viel Gutes, neue Teams im VOC und Spannendes f\u00fcr die Fans verspricht. 2017 h\u00e4lt leider diverse, unangenehme H\u00fcrden parat. Die neuen Regeln, die der DMSB und weitere Instanzen der gesamten Rallye-Szene f\u00fcr den zuk\u00fcnftigen Betrieb eines Rallye-Autos auferlegen sind knifflig und auf den ersten Blick schwer zu verstehen. Dies macht es den Teams und den Veranstaltern zum gro\u00dfen R\u00e4tsel und zur Mammutaufgabe den Rallye-Sport am Leben zu halten. <br \/>\nAn der Stelle (wieder einmal) der Hinweis, dass es sich beim Volvo Original Cup um ein &#8218;Volvo Original&#8216;-Auto der Baujahre &#8217;70er &#8211; &#8217;96 handelt. Sichere und unempfindliche Autos, die aus der Serie heraus (plus Rallye-Sitze\/-Gurte, plus K\u00e4fig, plus Rallye-D\u00e4mpfer) f\u00fcr den Rallye-Betrieb startklar sind und das zudem wartungsfreundlich. Den Beweis f\u00fchrt der Volvo Original Cup seit Anfang 2000 in Deutschland und schon viel l\u00e4nger in Schweden.\n<\/p>\n<p>\n<img decoding=\"async\" src=\"pic\/all02s.jpg\" alt=\"\"\/><br \/>\n<img decoding=\"async\" src=\"wp-content\/pic\/2016\/all02s.jpg\" alt=\"\"\/><br \/>\n<img decoding=\"async\" src=\"pic\/div02s.jpg\" alt=\"\"\/><img decoding=\"async\" src=\"pic\/wedemark2016_loe03.jpg\" alt=\"\"\/><br \/>\n<img decoding=\"async\" src=\"wp-content\/pic\/2016\/div02s.jpg\" alt=\"\"\/><img decoding=\"async\" src=\"wp-content\/pic\/2016\/wedemark2016_loe03.jpg\" alt=\"\"\/>\n<\/p>\n<p>\nWild entschlossen und pragmatisch trotzen die Teams dem kalten Gegenwind. Der Terminplan f\u00fcr den VOC 2017 ist beschlossen. Dieser<br \/>\nwird in K\u00fcrze bekannt gegeben. Es soll ein wenig Abwechslung in der Auswahl der Veranstaltungen geben. Zuk\u00fcnftig findet die<br \/>\nVOC-Siegerehrung am ersten Samstag im Dezember statt.\n<\/p>\n<p>\nBis gleich, Euer Kalle und Team\n<\/p>\n<p>\nBilder: Normen Standke, Klaus und Bea Richter<\/p>\n","protected":false},"excerpt":{"rendered":"<p>Zum Abschluss einer sehr gelungenen Saison im Volvo Original Cup 2016 waren wie \u00fcblich die Teams und Freunde des VOC eingeladen, diesmal in Neuruppin ein abschlie\u00dfendes Training durchzuf\u00fchren und die Sieger zu ehren. Bekanntlich haben sich Werner L\u00f6seke und Paul Tenberge im 944 zum 4. mal den Meistertitel erarbeitet und verdient! Den Vice-Titel haben Anja [&hellip;]<\/p>\n","protected":false},"author":3,"featured_media":0,"comment_status":"closed","ping_status":"closed","sticky":false,"template":"","format":"standard","meta":{"footnotes":""},"categories":[60],"tags":[],"class_list":["post-1115","post","type-post","status-publish","format-standard","hentry","category-volvo-original-2016"],"_links":{"self":[{"href":"http:\/\/volvo-original.de\/index.php?rest_route=\/wp\/v2\/posts\/1115","targetHints":{"allow":["GET"]}}],"collection":[{"href":"http:\/\/volvo-original.de\/index.php?rest_route=\/wp\/v2\/posts"}],"about":[{"href":"http:\/\/volvo-original.de\/index.php?rest_route=\/wp\/v2\/types\/post"}],"author":[{"embeddable":true,"href":"http:\/\/volvo-original.de\/index.php?rest_route=\/wp\/v2\/users\/3"}],"replies":[{"embeddable":true,"href":"http:\/\/volvo-original.de\/index.php?rest_route=%2Fwp%2Fv2%2Fcomments&post=1115"}],"version-history":[{"count":1,"href":"http:\/\/volvo-original.de\/index.php?rest_route=\/wp\/v2\/posts\/1115\/revisions"}],"predecessor-version":[{"id":1116,"href":"http:\/\/volvo-original.de\/index.php?rest_route=\/wp\/v2\/posts\/1115\/revisions\/1116"}],"wp:attachment":[{"href":"http:\/\/volvo-original.de\/index.php?rest_route=%2Fwp%2Fv2%2Fmedia&parent=1115"}],"wp:term":[{"taxonomy":"category","embeddable":true,"href":"http:\/\/volvo-original.de\/index.php?rest_route=%2Fwp%2Fv2%2Fcategories&post=1115"},{"taxonomy":"post_tag","embeddable":true,"href":"http:\/\/volvo-original.de\/index.php?rest_route=%2Fwp%2Fv2%2Ftags&post=1115"}],"curies":[{"name":"wp","href":"https:\/\/api.w.org\/{rel}","templated":true}]}}