{"id":1121,"date":"2016-09-05T17:56:34","date_gmt":"2016-09-05T15:56:34","guid":{"rendered":"http:\/\/www.volvo-original.de\/?p=1121"},"modified":"2017-06-30T18:57:28","modified_gmt":"2017-06-30T16:57:28","slug":"sonne-staub-spannung","status":"publish","type":"post","link":"http:\/\/volvo-original.de\/?p=1121","title":{"rendered":"Sonne, Staub, Spannung"},"content":{"rendered":"<p>genau genommen Sonne satt, viel Staub und wunderbare Spannng. Nach Kuppe voll! auf dem Bergring Teterow folgt im diesj\u00e4hrigen VOC-Kalender die Wedemark: Kuhle voll! Der Sommer tobt am Samstag, den 27.08.2016 m\u00e4chtig durch die S\u00fcd-Heide n\u00f6rdlich von Hannover und bringt bestes, aber hei\u00dfes Sommewetter zu Tage. Manch Fahrer w\u00fcnscht sich eine Klimaanlage ins Auto herbei. Die Strecken der Janina-Wedemark-Rallye sind bekanntlich spannend und m\u00fcssen mit viel Geschick, dennoch zeilstrebig (also schnell) und mit Eleganz genommen werden. <\/p>\n<p>\n<img decoding=\"async\" src=\"pic\/wedemark2016_nol01.jpg\" alt=\"\"\/> <img decoding=\"async\" src=\"pic\/wedemark2016_wie01.jpg\" alt=\"\"\/><br \/>\n<img decoding=\"async\" src=\"pic\/wedemark2016_fre01.jpg\" alt=\"\"\/> <img decoding=\"async\" src=\"pic\/wedemark2016_fre02.jpg\" alt=\"\"\/><br \/>\n<img decoding=\"async\" src=\"wp-content\/pic\/2016\/wedemark2016_nol01.jpg\" alt=\"\"\/> <img decoding=\"async\" src=\"wp-content\/pic\/2016\/wedemark2016_wie01.jpg\" alt=\"\"\/><br \/>\n<img decoding=\"async\" src=\"wp-content\/pic\/2016\/wedemark2016_fre01.jpg\" alt=\"\"\/> <img decoding=\"async\" src=\"wp-content\/pic\/2016\/wedemark2016_fre02.jpg\" alt=\"\"\/>\n<\/p>\n<p>\nF\u00fcnf VOC Teams reisen an und finden eine sehr gut organisierte Veranstaltung vor. Rallyezentrum, technische Abnahme und Dokumentenabnahme sind zentral, samt Duschen an einem Ort gelegen. Team L\u00f6seke \/ Tenberge, Frese \/ Berz, Noll \/ Melzer, Fritsch \/ Luthardt und seit dem Bergring dabei Krause \/ Nenninger. Alle Teams hatten nach dem Bergring diese oder jene neue Evolutionsstufe in der Entwicklung des Volvo erarbeiten m\u00fcssen.\n<\/p>\n<p>\nWerner und Paul treten an, um hoffentlich den Sack zu zumachen in Sachen Meisterschaft im Volvo Original Cup 2016 &#8211; wir sehen, ob sie das auf Anhieb schaffen. Vordergr\u00fcndig betrachtet treten Anja und Tim sowie Linus und Mike an, um irgendwie den Rang des VOC-Vice zu erhaschen. Und so auch Hagen und Martin, um dem zweiten Platz n\u00e4her zu kommen. <br \/>\nWP 1 kommt als warming-up auf Asphalt daher und um die Mittagszeit nehmen die sommerlichen Temperaturen fahrt auf. Hier haben L\u00f6seke \/ Tenberge ganz entspannt die Nase vorn. WP 2 aalt sich ausgiebig durch die dort heimischen Sand-Br\u00fcche mit spannenden Ecken, Abzweigen und Schikanen. Auch hier lassen L\u00f6seke \/ Tenberge nichts anbrennen, wobei Fritsch \/ Luthardt erfolgreich beginnen den Patzer aus WP 1 auszub\u00fcgeln.\n<\/p>\n<p>\n<img decoding=\"async\" src=\"pic\/wedemark2016_fri01.jpg\" alt=\"\"\/> <img decoding=\"async\" src=\"pic\/wedemark2016_nen01.jpg\" alt=\"\"\/><br \/>\n<img decoding=\"async\" src=\"pic\/wedemark2016_loe01.jpg\" alt=\"\"\/> <img decoding=\"async\" src=\"pic\/wedemark2016_wie02.jpg\" alt=\"\"\/><br \/>\n<img decoding=\"async\" src=\"wp-content\/pic\/2016\/wedemark2016_fri01.jpg\" alt=\"\"\/> <img decoding=\"async\" src=\"wp-content\/pic\/2016\/wedemark2016_nen01.jpg\" alt=\"\"\/><br \/>\n<img decoding=\"async\" src=\"wp-content\/pic\/2016\/wedemark2016_loe01.jpg\" alt=\"\"\/> <img decoding=\"async\" src=\"wp-content\/pic\/2016\/wedemark2016_wie02.jpg\" alt=\"\"\/>\n<\/p>\n<p>\nNoll \/ Melzer sind je ca. 3 Sekunden vor Frese \/ Berz im Ziel. Team Krause \/ Nenninger, wobei diesmal Phillip das Steuer f\u00fchrt, basteln sich im Lernmodus durch. In WP 3 (die Temperaturen steigen) geht es als Rundkurs wieder ausgedehnt durch die spannenden Sandkuhlen, wo die Zuschauer viel Staub um die Ohren kriegen. Anja z\u00f6gert mehrfach, bedingt durch die teilweise schlechte Aussicht auf die Strecke, womit Linus sich 40 Sekunden Vorsprung heraus arbeitet. Hagen und Martin machen die Bestzeit und Werner \/ Paul klagen \u00fcber einen zickigen 940 (sind die nicht immer zickig?) sowie \u00fcber massive Staubentwicklung verursacht von anderen Teilnehmen voraus, was im Rundkurs immer mal gerne statt findet.\n<\/p>\n<p>\n<img decoding=\"async\" src=\"pic\/wedemark2016_fri03.jpg\" alt=\"\"\/> <img decoding=\"async\" src=\"pic\/wedemark2016_loe02.jpg\" alt=\"\"\/><br \/>\n<img decoding=\"async\" src=\"pic\/wedemark2016_fre03.jpg\" alt=\"\"\/> <img decoding=\"async\" src=\"pic\/wedemark2016_nol02.jpg\" alt=\"\"\/><br \/>\n<img decoding=\"async\" src=\"wp-content\/pic\/2016\/wedemark2016_fri03.jpg\" alt=\"\"\/> <img decoding=\"async\" src=\"wp-content\/pic\/2016\/wedemark2016_loe02.jpg\" alt=\"\"\/><br \/>\n<img decoding=\"async\" src=\"wp-content\/pic\/2016\/wedemark2016_fre03.jpg\" alt=\"\"\/> <img decoding=\"async\" src=\"wp-content\/pic\/2016\/wedemark2016_nol02.jpg\" alt=\"\"\/>\n<\/p>\n<p>\nKleine Pause, neue Runde. WP 4, Asphalt. Werner zieht durch und so auch Hagen und Martin. Linus und Mike kommen nur so viel vom Weg ab, dass sie in der erlaubten Zeit aus dem kleinen Graben nicht mehr heraus finden. Schade! Wieder in den Sand-Gruben \u00e4ndert sich kaum noch was am Ranking. L\u00f6seke \/ Tenberge schie\u00dfen sich auf die VOC-Pr\u00fcfungs-Bestzeiten ein und Fritsch \/ Luthardt spulen sauber ihr Programm ab. Der Sommer tobt derweil mit hei\u00dfer Freude durch die Wedemark und Nenninger \/ Krause kommen zusehens besser zurecht. Hingegen nach WP 5 entschlie\u00dft sich der g\u00fcldene 240 das Kupplungsseil rei\u00dfen zu lassen. Aus. Die verbleibenden Teams fahren so ins Ziel ein: L\u00f6seke \/ Tenberge Rang 1 und somit aller Voraussicht nach, ist das der vorzeitige Sieg der Meisterschaft im Volvo Original Cup 2016! Fritsch \/ Luthardt bringen sich nach einer bislang durchwachsenen Saison erfolgreich wieder ins Geschehen ein und rutschen auf Rang 3 im Gesamt des VOC. Frese \/ Berz k\u00f6nnen, nicht zuletzt durch den Ausfall von Noll \/ Melzer sich den 2. Rang, f\u00fcr den Moment, sichern.\n<\/p>\n<p>\n<img decoding=\"async\" src=\"pic\/wedemark2016_fre01.jpg\" alt=\"\"\/> <img decoding=\"async\" src=\"pic\/wedemark2016_fri02.jpg\" alt=\"\"\/><br \/>\n<img decoding=\"async\" src=\"pic\/wedemark2016_loe03.jpg\" alt=\"\"\/><br \/>\n<img decoding=\"async\" src=\"wp-content\/pic\/2016\/wedemark2016_fre01.jpg\" alt=\"\"\/> <img decoding=\"async\" src=\"wp-content\/pic\/2016\/wedemark2016_fri02.jpg\" alt=\"\"\/><br \/>\n<img decoding=\"async\" src=\"wp-content\/pic\/2016\/wedemark2016_loe03.jpg\" alt=\"\"\/>\n<\/p>\n<p>\nEine klasse und spannende Veranstaltung! An dieser Stelle unseren nachdr\u00fccklichen Dank an den Veranstalter und an die vielen Helfer, ohne die solch feine Rallye gar nicht m\u00f6glich ist!\n<\/p>\n<p>\nBis gleich, Euer Kalle\n<\/p>\n<p>\nBilder: Klaus und Bea Richter<\/p>\n","protected":false},"excerpt":{"rendered":"<p>genau genommen Sonne satt, viel Staub und wunderbare Spannng. Nach Kuppe voll! auf dem Bergring Teterow folgt im diesj\u00e4hrigen VOC-Kalender die Wedemark: Kuhle voll! Der Sommer tobt am Samstag, den 27.08.2016 m\u00e4chtig durch die S\u00fcd-Heide n\u00f6rdlich von Hannover und bringt bestes, aber hei\u00dfes Sommewetter zu Tage. Manch Fahrer w\u00fcnscht sich eine Klimaanlage ins Auto herbei. [&hellip;]<\/p>\n","protected":false},"author":3,"featured_media":0,"comment_status":"closed","ping_status":"closed","sticky":false,"template":"","format":"standard","meta":{"footnotes":""},"categories":[60],"tags":[],"class_list":["post-1121","post","type-post","status-publish","format-standard","hentry","category-volvo-original-2016"],"_links":{"self":[{"href":"http:\/\/volvo-original.de\/index.php?rest_route=\/wp\/v2\/posts\/1121","targetHints":{"allow":["GET"]}}],"collection":[{"href":"http:\/\/volvo-original.de\/index.php?rest_route=\/wp\/v2\/posts"}],"about":[{"href":"http:\/\/volvo-original.de\/index.php?rest_route=\/wp\/v2\/types\/post"}],"author":[{"embeddable":true,"href":"http:\/\/volvo-original.de\/index.php?rest_route=\/wp\/v2\/users\/3"}],"replies":[{"embeddable":true,"href":"http:\/\/volvo-original.de\/index.php?rest_route=%2Fwp%2Fv2%2Fcomments&post=1121"}],"version-history":[{"count":1,"href":"http:\/\/volvo-original.de\/index.php?rest_route=\/wp\/v2\/posts\/1121\/revisions"}],"predecessor-version":[{"id":1122,"href":"http:\/\/volvo-original.de\/index.php?rest_route=\/wp\/v2\/posts\/1121\/revisions\/1122"}],"wp:attachment":[{"href":"http:\/\/volvo-original.de\/index.php?rest_route=%2Fwp%2Fv2%2Fmedia&parent=1121"}],"wp:term":[{"taxonomy":"category","embeddable":true,"href":"http:\/\/volvo-original.de\/index.php?rest_route=%2Fwp%2Fv2%2Fcategories&post=1121"},{"taxonomy":"post_tag","embeddable":true,"href":"http:\/\/volvo-original.de\/index.php?rest_route=%2Fwp%2Fv2%2Ftags&post=1121"}],"curies":[{"name":"wp","href":"https:\/\/api.w.org\/{rel}","templated":true}]}}