{"id":1207,"date":"2018-02-05T19:58:27","date_gmt":"2018-02-05T17:58:27","guid":{"rendered":"http:\/\/www.volvo-original.de\/?p=1207"},"modified":"2018-02-05T19:58:27","modified_gmt":"2018-02-05T17:58:27","slug":"newsticker-11","status":"publish","type":"post","link":"http:\/\/volvo-original.de\/?p=1207","title":{"rendered":"Newsticker"},"content":{"rendered":"<p>&#8230; das Jahr l\u00e4uft &#8211; die Vorbereitungen auch:<\/p>\n<p>Anl\u00e4sslich der Schwierigkeiten das aktuelle Reglement in fl\u00fcssig-lesbarer Form aus dem Schwedischen zu \u00fcbersetzen, gilt bis auf Weiteres das Reglement von 2017.<\/p>\n<p>Die \u00c4nderungen, die f\u00fcr 2018 zu erwarten sind, liegen eher im Detail. F\u00fcr Fragen dies bez\u00fcglich stehen Euch Silvio, Hagen und ich zur Verf\u00fcgung. <\/p>\n<p><a href=\"wp-content\/pic\/data\/VOC_Reglement_2017.pdf\" target=\"_blank\">Reglement 2017<\/a><\/p>\n","protected":false},"excerpt":{"rendered":"<p>&#8230; das Jahr l\u00e4uft &#8211; die Vorbereitungen auch: Anl\u00e4sslich der Schwierigkeiten das aktuelle Reglement in fl\u00fcssig-lesbarer Form aus dem Schwedischen zu \u00fcbersetzen, gilt bis auf Weiteres das Reglement von 2017. Die \u00c4nderungen, die f\u00fcr 2018 zu erwarten sind, liegen eher im Detail. F\u00fcr Fragen dies bez\u00fcglich stehen Euch Silvio, Hagen und ich zur Verf\u00fcgung. Reglement [&hellip;]<\/p>\n","protected":false},"author":79,"featured_media":0,"comment_status":"open","ping_status":"closed","sticky":false,"template":"","format":"standard","meta":{"footnotes":""},"categories":[63],"tags":[],"class_list":["post-1207","post","type-post","status-publish","format-standard","hentry","category-volvo-origianl-2018"],"_links":{"self":[{"href":"http:\/\/volvo-original.de\/index.php?rest_route=\/wp\/v2\/posts\/1207","targetHints":{"allow":["GET"]}}],"collection":[{"href":"http:\/\/volvo-original.de\/index.php?rest_route=\/wp\/v2\/posts"}],"about":[{"href":"http:\/\/volvo-original.de\/index.php?rest_route=\/wp\/v2\/types\/post"}],"author":[{"embeddable":true,"href":"http:\/\/volvo-original.de\/index.php?rest_route=\/wp\/v2\/users\/79"}],"replies":[{"embeddable":true,"href":"http:\/\/volvo-original.de\/index.php?rest_route=%2Fwp%2Fv2%2Fcomments&post=1207"}],"version-history":[{"count":1,"href":"http:\/\/volvo-original.de\/index.php?rest_route=\/wp\/v2\/posts\/1207\/revisions"}],"predecessor-version":[{"id":1208,"href":"http:\/\/volvo-original.de\/index.php?rest_route=\/wp\/v2\/posts\/1207\/revisions\/1208"}],"wp:attachment":[{"href":"http:\/\/volvo-original.de\/index.php?rest_route=%2Fwp%2Fv2%2Fmedia&parent=1207"}],"wp:term":[{"taxonomy":"category","embeddable":true,"href":"http:\/\/volvo-original.de\/index.php?rest_route=%2Fwp%2Fv2%2Fcategories&post=1207"},{"taxonomy":"post_tag","embeddable":true,"href":"http:\/\/volvo-original.de\/index.php?rest_route=%2Fwp%2Fv2%2Ftags&post=1207"}],"curies":[{"name":"wp","href":"https:\/\/api.w.org\/{rel}","templated":true}]}}