{"id":1233,"date":"2018-06-02T12:07:45","date_gmt":"2018-06-02T10:07:45","guid":{"rendered":"http:\/\/www.volvo-original.de\/?p=1233"},"modified":"2018-06-02T13:25:57","modified_gmt":"2018-06-02T11:25:57","slug":"nicht-wirklich-romantisch","status":"publish","type":"post","link":"http:\/\/volvo-original.de\/?p=1233","title":{"rendered":"Nicht wirklich romantisch"},"content":{"rendered":"<p>17. Emmersdorfer ADAC-Baron-von-Arnetin Rallye<\/p>\n<p>Ich habe es mir ein bisschen romantischer vorgestellt:<br \/>\nEine mond\u00e4ne Brauerei, wo Teams und ihre fliegenden Kisten richtig in Szene gesetzt werden. W\u00e4lder mit riesigen, sch\u00f6nen B\u00e4umen, die das Sonnenlicht gleichm\u00e4\u00dfig verteilen. Elfengleiches Dahingleiten der Volvorienen &#8230;<br \/>\nNun ja, war nicht so, aber trotzdem in Ordnung und gut organisiert.<br \/>\nDas Wetter angenehm sommerlich, h\u00e4lt mittags einen fetten Regenschauer bereit, damit die Pisten ja nicht trocken und staubig werden. Danke Petrus .-)<br \/>\nVier VOC Teams am Start. Au\u00dfer Krause\/Nenninger, jeweils mit anderen Co Piloten: Werner L\u00f6secke mit Sascha W\u00f6ll, Stefan Erndl mit Michael Stadl\u00f6der, Martin Gerstenberger mit Stefanie Fritzensmeier.<\/p>\n<p>\n<img decoding=\"async\" src=\"wp-content\/pic\/2018\/2018_emmersdorf_01.jpg\" alt=\"\" \/>\n<\/p>\n<p>\nDem Werner L\u00f6secke und Co muss es im Wald wohl etwas kalt geworden sein, denn irgendwann fahren die beiden mit voller Innenraumheizung. Das hat dann auch prompt zum Sieg gef\u00fchrt. Ganz sch\u00f6n Hot, dieser Trick.<br \/>\nWie versprochen konnte Martin Gerstenberger ein spannendes  Sekundenduell mit Stefan Erndl liefern. Trotz super Co Steffi wurde Gerstenberger auf den dritten Platz verwiesen. Das macht aber nichts, denn der Bursche l\u00e4uft gerade erst warm.<br \/>\nKrause und Nenninger belegten den ersten Platz von Hinten. Denen war wohl der Wald zu eng.<\/p>\n<p>Nicht ganz grundlos, denn der Aretinische Wald entpuppte sich als t\u00fcckische H\u00e4ckselmaschine. Zu Hauf lackierten BMW die B\u00e4ume im Kaltpressverfahren um. Und das freut mich besonders, dass alle Volvo Teams schadfrei in`s  Ziel gekommen sind.<br \/>\n(Alle? Nicht ganz. P. Rodewald hat seinem 242, welcher hier nicht gewertet wird, im Wald eine Wespentaille verpasst.)<\/p>\n<p>Dank an die Co Piloten, welche mit multitasken F\u00e4higkeiten den Fahrer auf der Strecke halten!<\/p>\n<p>Der Ring ruft! Wir sehen uns in Teterow!<\/p>\n<p>Rumpelstilz &#038; Dalinka<\/p>\n","protected":false},"excerpt":{"rendered":"<p>17. Emmersdorfer ADAC-Baron-von-Arnetin Rallye Ich habe es mir ein bisschen romantischer vorgestellt: Eine mond\u00e4ne Brauerei, wo Teams und ihre fliegenden Kisten richtig in Szene gesetzt werden. W\u00e4lder mit riesigen, sch\u00f6nen B\u00e4umen, die das Sonnenlicht gleichm\u00e4\u00dfig verteilen. Elfengleiches Dahingleiten der Volvorienen &#8230; Nun ja, war nicht so, aber trotzdem in Ordnung und gut organisiert. Das Wetter [&hellip;]<\/p>\n","protected":false},"author":79,"featured_media":0,"comment_status":"open","ping_status":"closed","sticky":false,"template":"","format":"standard","meta":{"footnotes":""},"categories":[63],"tags":[],"class_list":["post-1233","post","type-post","status-publish","format-standard","hentry","category-volvo-origianl-2018"],"_links":{"self":[{"href":"http:\/\/volvo-original.de\/index.php?rest_route=\/wp\/v2\/posts\/1233","targetHints":{"allow":["GET"]}}],"collection":[{"href":"http:\/\/volvo-original.de\/index.php?rest_route=\/wp\/v2\/posts"}],"about":[{"href":"http:\/\/volvo-original.de\/index.php?rest_route=\/wp\/v2\/types\/post"}],"author":[{"embeddable":true,"href":"http:\/\/volvo-original.de\/index.php?rest_route=\/wp\/v2\/users\/79"}],"replies":[{"embeddable":true,"href":"http:\/\/volvo-original.de\/index.php?rest_route=%2Fwp%2Fv2%2Fcomments&post=1233"}],"version-history":[{"count":6,"href":"http:\/\/volvo-original.de\/index.php?rest_route=\/wp\/v2\/posts\/1233\/revisions"}],"predecessor-version":[{"id":1239,"href":"http:\/\/volvo-original.de\/index.php?rest_route=\/wp\/v2\/posts\/1233\/revisions\/1239"}],"wp:attachment":[{"href":"http:\/\/volvo-original.de\/index.php?rest_route=%2Fwp%2Fv2%2Fmedia&parent=1233"}],"wp:term":[{"taxonomy":"category","embeddable":true,"href":"http:\/\/volvo-original.de\/index.php?rest_route=%2Fwp%2Fv2%2Fcategories&post=1233"},{"taxonomy":"post_tag","embeddable":true,"href":"http:\/\/volvo-original.de\/index.php?rest_route=%2Fwp%2Fv2%2Ftags&post=1233"}],"curies":[{"name":"wp","href":"https:\/\/api.w.org\/{rel}","templated":true}]}}