{"id":1253,"date":"2018-10-16T20:18:14","date_gmt":"2018-10-16T18:18:14","guid":{"rendered":"http:\/\/www.volvo-original.de\/?p=1253"},"modified":"2018-10-16T20:23:56","modified_gmt":"2018-10-16T18:23:56","slug":"voc-meister-2018","status":"publish","type":"post","link":"http:\/\/volvo-original.de\/?p=1253","title":{"rendered":"VOC-Meister 2018"},"content":{"rendered":"<p>Newsticker 16.10.2018<\/p>\n<p>Der Meistertitel im VOC geht diese Jahr an Werner L\u00f6seke und Paul Tenberge im 944. Sie haben bereits mehrfach den Meister-Titel eingefahren, aber dieses Jahr waren Martin Gerstenberger und Heiko Borack mit dem 244-VOC Urgestein (die Jungs im zweiten Rallye-Jahr) unterwegs recht nah dran und es war wirklich spannend zur Havellandrallye am vergangenen Wochenende. Also, Martin und Heiko erhalten den Vice-Titel im Volvo Cup 2018. Da haben schon andere Teams lange daran rum geknabbert, um den einzufahren. An die Sieger und an den Vice: herzlichen Gl\u00fcckwunsch!<br \/>\nBesonderes Augenmerk nun auf die neuen Ladies Gianna Gernot und Andrea Lukas, die mit dem hell blauen 944 &#8218;Schlumpf&#8216; wie sie ihn nennen den dritten Rang erreicht haben. F\u00fcr Gianna war es die erste Rallye-Saison, hingegen Andrea war letztes Jahr zur Wedemark mit Anja im Volvo unterwegs. Also, weiter so!<\/p>\n<p>Wirklich Pech hatten zum Saisonende hin Daniel Ostmann und Claudia Jung. Auf dem Weg zur Wedemark-Rallye (da war noch alles recht offen in der Rangliste) sind sie im Stau auf der Autobahn in einen bl\u00f6den Unfall verwickelt worden, so dass sie nicht einmal zur Wedemark anreisen konnten.<\/p>\n<p>Unsere Siegerehrung findet am 24.11.18 statt \u2013 die Einladungen gehen umgehend raus. Also, wie \u00fcblich am letzten Wochenende im November. Wir sehen uns also in Ortrand! Alle Teilnehmer des VOC sind nat\u00fcrlich herzlich eingeladen! An Freunde des VOC gehen in K\u00fcrze die Einladungen raus.<\/p>\n<p>Entschuldigt die grafisch sp\u00e4rliche Dokumentaion der Saison (gemeint sind keine Fotos und wenig Rallye-Berichte) &#8211; manchmal ist die berichtende Spezies mit Dingen besch\u00e4ftigt, die keinen Raum lassen f\u00fcr Schleifchen, Text und Deko sowie nette Berichte.<\/p>\n<p>Bis gleich, Euer Kalle<\/p>\n","protected":false},"excerpt":{"rendered":"<p>Newsticker 16.10.2018 Der Meistertitel im VOC geht diese Jahr an Werner L\u00f6seke und Paul Tenberge im 944. Sie haben bereits mehrfach den Meister-Titel eingefahren, aber dieses Jahr waren Martin Gerstenberger und Heiko Borack mit dem 244-VOC Urgestein (die Jungs im zweiten Rallye-Jahr) unterwegs recht nah dran und es war wirklich spannend zur Havellandrallye am vergangenen [&hellip;]<\/p>\n","protected":false},"author":79,"featured_media":0,"comment_status":"open","ping_status":"closed","sticky":false,"template":"","format":"standard","meta":{"footnotes":""},"categories":[63],"tags":[],"class_list":["post-1253","post","type-post","status-publish","format-standard","hentry","category-volvo-origianl-2018"],"_links":{"self":[{"href":"http:\/\/volvo-original.de\/index.php?rest_route=\/wp\/v2\/posts\/1253","targetHints":{"allow":["GET"]}}],"collection":[{"href":"http:\/\/volvo-original.de\/index.php?rest_route=\/wp\/v2\/posts"}],"about":[{"href":"http:\/\/volvo-original.de\/index.php?rest_route=\/wp\/v2\/types\/post"}],"author":[{"embeddable":true,"href":"http:\/\/volvo-original.de\/index.php?rest_route=\/wp\/v2\/users\/79"}],"replies":[{"embeddable":true,"href":"http:\/\/volvo-original.de\/index.php?rest_route=%2Fwp%2Fv2%2Fcomments&post=1253"}],"version-history":[{"count":5,"href":"http:\/\/volvo-original.de\/index.php?rest_route=\/wp\/v2\/posts\/1253\/revisions"}],"predecessor-version":[{"id":1258,"href":"http:\/\/volvo-original.de\/index.php?rest_route=\/wp\/v2\/posts\/1253\/revisions\/1258"}],"wp:attachment":[{"href":"http:\/\/volvo-original.de\/index.php?rest_route=%2Fwp%2Fv2%2Fmedia&parent=1253"}],"wp:term":[{"taxonomy":"category","embeddable":true,"href":"http:\/\/volvo-original.de\/index.php?rest_route=%2Fwp%2Fv2%2Fcategories&post=1253"},{"taxonomy":"post_tag","embeddable":true,"href":"http:\/\/volvo-original.de\/index.php?rest_route=%2Fwp%2Fv2%2Ftags&post=1253"}],"curies":[{"name":"wp","href":"https:\/\/api.w.org\/{rel}","templated":true}]}}