{"id":1871,"date":"2025-05-25T19:36:45","date_gmt":"2025-05-25T17:36:45","guid":{"rendered":"http:\/\/volvo-original.de\/?p=1871"},"modified":"2025-05-25T19:38:08","modified_gmt":"2025-05-25T17:38:08","slug":"infos-late-but-not-last-aus-nordhausen","status":"publish","type":"post","link":"http:\/\/volvo-original.de\/?p=1871","title":{"rendered":"Infos aus Nordhausen &#8211; ein wenig sp\u00e4t, aber online"},"content":{"rendered":"<p>&#8230; eine Versuch immerhin \u00e4ltere Infos online zu bringen. Hier der Input zu Nordhausen vom Erndl:<br \/>\nNordhausen aus Sicht der bayrischen Fraktion&#8230;<br \/>\nsp\u00e4t aber doch: Unser Nordhausen-Erlebnis in einem Satz: Besser vorbereitet denn je, sind wir beim Besichtigen der WP 1 technisch ausgefallen.<br \/>\nDoch der Reihe nach. Nach Bad Schmiedeberg letzten Herbst leise, aber un\u00fcberh\u00f6rbare mahlende und heulende Ger\u00e4usche im 3. und 5. Gang. Im Bewusstsein, da\u00df beim M47 eigentlich immer der 3. Gang aufgibt, haben wir im Vorfeld das Getriebe gegen ein &#8222;neues&#8220; getauscht. Auch sonst kamen dem guten alten &#8222;H\u00e4gar&#8220; in seinem 10. Jahr nach Aufbau zum Rallyeauto allerhand technische Streicheleinheiten zugute.<br \/>\nAm Freitag problemlose Trailer-Anreise \u00fcber gut 600 km, Abnahme ohne gr\u00f6ssere Themen (irgendwas gibts ja immer zu meckern, diesmal hat erstmals nach \u00fcber 10 Jahren der ausserhalb der K\u00e4figf\u00fcsse nach hinten laufende Kabelstrang gest\u00f6rt&#8230;).<br \/>\nSamstag morgen frisch an der Tankstelle gest\u00e4rkt, Bordbuch abgeholt und los gings zur Besichtigung. Da die Bordb\u00fccher des Rallyeleiter-Urgesteins Heinz Sievert mit den Jahren immer besser werden, haben wir WP 1 ohne Probleme gefunden und munter begonnen, das Gebetbuch zu produzieren. Doch was ist das, pl\u00f6tzlich stottert H\u00e4gar und rollt auch gleich ohne Antrieb aus?? Hektische, aber erstmal erfolglose Fehlersuche. Nun kam ein Retter in der Not, der uns mit seinem Pickup doch glatt nicht nur aus der WP, sondern volle 15 km bis ins Rallyezentrum geschleppt hat. Hut ab vor Mark Schindler, dem sp\u00e4teren Gesamt Vierten !<br \/>\nWas unsere Volvo-Clique betrifft, hat ja Silvio tapfer und konstant die VOC Fahne hochgehalten &#8211; und der Speed, den die &#8222;Jungschen&#8220;, allen voran Nick Loof vorlegen ist beeindruckend. Thomas und ich waren in WP2 zuschauen und k\u00f6nnen nur sagen: Hut ab !<br \/>\nViele Gr\u00fcsse aus Bayern, Thomas und Stefan<br \/>\nper E-Mail vom 20.04.2025 \/\/ .Kalle<\/p>\n","protected":false},"excerpt":{"rendered":"<p>&#8230; eine Versuch immerhin \u00e4ltere Infos online zu bringen. Hier der Input zu Nordhausen vom Erndl: Nordhausen aus Sicht der bayrischen Fraktion&#8230; sp\u00e4t aber doch: Unser Nordhausen-Erlebnis in einem Satz: Besser vorbereitet denn je, sind wir beim Besichtigen der WP 1 technisch ausgefallen. Doch der Reihe nach. Nach Bad Schmiedeberg letzten Herbst leise, aber un\u00fcberh\u00f6rbare [&hellip;]<\/p>\n","protected":false},"author":3,"featured_media":0,"comment_status":"closed","ping_status":"closed","sticky":false,"template":"","format":"standard","meta":{"footnotes":""},"categories":[74],"tags":[],"class_list":["post-1871","post","type-post","status-publish","format-standard","hentry","category-volvo-original-2025"],"_links":{"self":[{"href":"http:\/\/volvo-original.de\/index.php?rest_route=\/wp\/v2\/posts\/1871","targetHints":{"allow":["GET"]}}],"collection":[{"href":"http:\/\/volvo-original.de\/index.php?rest_route=\/wp\/v2\/posts"}],"about":[{"href":"http:\/\/volvo-original.de\/index.php?rest_route=\/wp\/v2\/types\/post"}],"author":[{"embeddable":true,"href":"http:\/\/volvo-original.de\/index.php?rest_route=\/wp\/v2\/users\/3"}],"replies":[{"embeddable":true,"href":"http:\/\/volvo-original.de\/index.php?rest_route=%2Fwp%2Fv2%2Fcomments&post=1871"}],"version-history":[{"count":2,"href":"http:\/\/volvo-original.de\/index.php?rest_route=\/wp\/v2\/posts\/1871\/revisions"}],"predecessor-version":[{"id":1873,"href":"http:\/\/volvo-original.de\/index.php?rest_route=\/wp\/v2\/posts\/1871\/revisions\/1873"}],"wp:attachment":[{"href":"http:\/\/volvo-original.de\/index.php?rest_route=%2Fwp%2Fv2%2Fmedia&parent=1871"}],"wp:term":[{"taxonomy":"category","embeddable":true,"href":"http:\/\/volvo-original.de\/index.php?rest_route=%2Fwp%2Fv2%2Fcategories&post=1871"},{"taxonomy":"post_tag","embeddable":true,"href":"http:\/\/volvo-original.de\/index.php?rest_route=%2Fwp%2Fv2%2Ftags&post=1871"}],"curies":[{"name":"wp","href":"https:\/\/api.w.org\/{rel}","templated":true}]}}