{"id":1902,"date":"2026-04-30T20:25:40","date_gmt":"2026-04-30T18:25:40","guid":{"rendered":"http:\/\/volvo-original.de\/?p=1902"},"modified":"2026-04-30T20:25:40","modified_gmt":"2026-04-30T18:25:40","slug":"newsticker-bzw-echt-mal-n-update","status":"publish","type":"post","link":"http:\/\/volvo-original.de\/?p=1902","title":{"rendered":"Newsticker &#8211; bzw. echt mal n&#8216; update&#8230; ! :-)"},"content":{"rendered":"\n<p>Volvo Original Cup 2026<\/p>\n\n\n\n<p>Nachdem Ende November 2025 zur offiziellen Siegerehrung die Pokale fuer die Besten feierlich uebergeben wurden und man sich auf einen Kalender fuer 2026 festgelegt hatte starteten die Teams am 03.Maerz bereits zur 61. Ausgabe der Rallye Lutherstadt Wittenberg.<\/p>\n\n\n\n<p>Am Ende hatte Norbert Meyer mit Steffen Schr\u00f6n die Nase vorn, dahinter kam es zum Showdown auf den letzten Metern, als sich S\u00f6ren Nicolaus und Katharina Schr\u00f6der noch kurz vor dem Ziel einen Plattfuss einfingen und so um ganze 0,6 sec noch von Team Mollitor \/ Sitz abgefangen wurden!<\/p>\n\n\n\n<p>Am 18.04.2026 traf man sich im Suedharz zur Rolandrallye in Nordhausen. Hier zeigte sich der Oberbayer Stefan Erndl, diesmal mit Co Thorben Sitz, bestens aufgelegt und startete gleich mal mit 2 Bestzeiten. Aufgrund einiger Fehler im weiteren Verlauf der Rallye reichte es am Ende aber nur zu Platz 4 bei den Schwedenpanzern. Der Sieg ging an die Vorjahresmeister Hagen Fritsch \/ Cornell Schulze vor Meyer \/ Schr\u00f6n sowie Silvio Mollitor und Steffen Sitz im einzigen 2er. Team Litfin \/ Litfin schied nach einem Fehler auf dem Rundkurs leider aus.<\/p>\n\n\n\n<p> Weiter geht es bereits am 09.05. zur der Fontane Rallye in Neuruppin.<\/p>\n","protected":false},"excerpt":{"rendered":"<p>Volvo Original Cup 2026 Nachdem Ende November 2025 zur offiziellen Siegerehrung die Pokale fuer die Besten feierlich uebergeben wurden und man sich auf einen Kalender fuer 2026 festgelegt hatte starteten die Teams am 03.Maerz bereits zur 61. Ausgabe der Rallye Lutherstadt Wittenberg. Am Ende hatte Norbert Meyer mit Steffen Schr\u00f6n die Nase vorn, dahinter kam [&hellip;]<\/p>\n","protected":false},"author":79,"featured_media":0,"comment_status":"closed","ping_status":"closed","sticky":false,"template":"","format":"standard","meta":{"footnotes":""},"categories":[3],"tags":[],"class_list":["post-1902","post","type-post","status-publish","format-standard","hentry","category-volvo-original"],"_links":{"self":[{"href":"http:\/\/volvo-original.de\/index.php?rest_route=\/wp\/v2\/posts\/1902","targetHints":{"allow":["GET"]}}],"collection":[{"href":"http:\/\/volvo-original.de\/index.php?rest_route=\/wp\/v2\/posts"}],"about":[{"href":"http:\/\/volvo-original.de\/index.php?rest_route=\/wp\/v2\/types\/post"}],"author":[{"embeddable":true,"href":"http:\/\/volvo-original.de\/index.php?rest_route=\/wp\/v2\/users\/79"}],"replies":[{"embeddable":true,"href":"http:\/\/volvo-original.de\/index.php?rest_route=%2Fwp%2Fv2%2Fcomments&post=1902"}],"version-history":[{"count":1,"href":"http:\/\/volvo-original.de\/index.php?rest_route=\/wp\/v2\/posts\/1902\/revisions"}],"predecessor-version":[{"id":1903,"href":"http:\/\/volvo-original.de\/index.php?rest_route=\/wp\/v2\/posts\/1902\/revisions\/1903"}],"wp:attachment":[{"href":"http:\/\/volvo-original.de\/index.php?rest_route=%2Fwp%2Fv2%2Fmedia&parent=1902"}],"wp:term":[{"taxonomy":"category","embeddable":true,"href":"http:\/\/volvo-original.de\/index.php?rest_route=%2Fwp%2Fv2%2Fcategories&post=1902"},{"taxonomy":"post_tag","embeddable":true,"href":"http:\/\/volvo-original.de\/index.php?rest_route=%2Fwp%2Fv2%2Ftags&post=1902"}],"curies":[{"name":"wp","href":"https:\/\/api.w.org\/{rel}","templated":true}]}}