{"id":613,"date":"2013-02-09T12:36:42","date_gmt":"2013-02-09T10:36:42","guid":{"rendered":"http:\/\/www.volvo-original.de\/?p=613"},"modified":"2013-02-09T13:36:13","modified_gmt":"2013-02-09T11:36:13","slug":"newsticker-2","status":"publish","type":"post","link":"http:\/\/volvo-original.de\/?p=613","title":{"rendered":"Newsticker"},"content":{"rendered":"<p>09.02.2013 &#8211; NWEC, Sundsvall<br \/>\nDie Schneerallye ruft! Team Walther und Mayr machen sich Mitte kommender Woche auf nach Schweden, um in hoffentlich traumhaftem Schnee eine extrem klasse Schneerallye in Schweden zu bestreiten.<\/p>\n<p>05.01.2013 &#8211; Der VOC Kalender steht.<br \/>\nBitte schickt uns Nennungen zur Aktualisierung der Kontaktdaten per EMail. Zudem pr\u00fcft bitte Eure Eintr\u00e4ge auf der Teams Seite und schickt uns neue Texte und Bilder. <\/p>\n<p>Und dann auf in eine klasse VOC Saison 2013!<\/p>\n<p>30.12.2012 &#8211; Im Vorfeld der Castrol Rally Tampere am 27.-28. September 2013 wurde eine Pressekonferenz abgehalten. Der Veranstalter pr\u00e4sentierte den Ablauf der Rallye. Im weiteren Verlauf der Konferenz bekamen die schwedischen VOC Organisatoren das Wort. Sie pr\u00e4sentierten die Idee des Volvo Original Cup und stie\u00dfen auf gro\u00dfes Interesse. Schlie\u00dflich wurde verk\u00fcndet, dass Toni Gardemeister und Harri Rovanper\u00e4 je mit einen Volvo Original zur Rally Tampere in unserer Klasse starten werden. <\/p>\n","protected":false},"excerpt":{"rendered":"<p>09.02.2013 &#8211; NWEC, Sundsvall Die Schneerallye ruft! Team Walther und Mayr machen sich Mitte kommender Woche auf nach Schweden, um in hoffentlich traumhaftem Schnee eine extrem klasse Schneerallye in Schweden zu bestreiten. 05.01.2013 &#8211; Der VOC Kalender steht. Bitte schickt uns Nennungen zur Aktualisierung der Kontaktdaten per EMail. Zudem pr\u00fcft bitte Eure Eintr\u00e4ge auf der [&hellip;]<\/p>\n","protected":false},"author":3,"featured_media":0,"comment_status":"closed","ping_status":"closed","sticky":false,"template":"","format":"standard","meta":{"footnotes":""},"categories":[52],"tags":[],"class_list":["post-613","post","type-post","status-publish","format-standard","hentry","category-volvo-original-2013"],"_links":{"self":[{"href":"http:\/\/volvo-original.de\/index.php?rest_route=\/wp\/v2\/posts\/613","targetHints":{"allow":["GET"]}}],"collection":[{"href":"http:\/\/volvo-original.de\/index.php?rest_route=\/wp\/v2\/posts"}],"about":[{"href":"http:\/\/volvo-original.de\/index.php?rest_route=\/wp\/v2\/types\/post"}],"author":[{"embeddable":true,"href":"http:\/\/volvo-original.de\/index.php?rest_route=\/wp\/v2\/users\/3"}],"replies":[{"embeddable":true,"href":"http:\/\/volvo-original.de\/index.php?rest_route=%2Fwp%2Fv2%2Fcomments&post=613"}],"version-history":[{"count":5,"href":"http:\/\/volvo-original.de\/index.php?rest_route=\/wp\/v2\/posts\/613\/revisions"}],"predecessor-version":[{"id":635,"href":"http:\/\/volvo-original.de\/index.php?rest_route=\/wp\/v2\/posts\/613\/revisions\/635"}],"wp:attachment":[{"href":"http:\/\/volvo-original.de\/index.php?rest_route=%2Fwp%2Fv2%2Fmedia&parent=613"}],"wp:term":[{"taxonomy":"category","embeddable":true,"href":"http:\/\/volvo-original.de\/index.php?rest_route=%2Fwp%2Fv2%2Fcategories&post=613"},{"taxonomy":"post_tag","embeddable":true,"href":"http:\/\/volvo-original.de\/index.php?rest_route=%2Fwp%2Fv2%2Ftags&post=613"}],"curies":[{"name":"wp","href":"https:\/\/api.w.org\/{rel}","templated":true}]}}