{"id":659,"date":"2013-04-03T19:41:28","date_gmt":"2013-04-03T17:41:28","guid":{"rendered":"http:\/\/www.volvo-original.de\/?p=659"},"modified":"2013-04-03T19:43:05","modified_gmt":"2013-04-03T17:43:05","slug":"voc-50-admv-generali-rallye-wittenberg","status":"publish","type":"post","link":"http:\/\/volvo-original.de\/?p=659","title":{"rendered":"VOC 50. ADMV Generali Rallye Wittenberg"},"content":{"rendered":"<p>Vier Volvo Besatzungen stellten sich dem winterlichen Abenteuer in der Lutherstadt, s\u00fcdlich von Berlin. Fritsch \/ Luthardt hatten zwar in bester Absicht genannt, jedoch machten ihnen Motorenprobleme einen Strich durch die Rechnung.<\/p>\n<p>\n<img decoding=\"async\" src=\"wp-content\/pic\/2013\/wittenberg_2013_wal01.jpg\" alt=\"\"\/> <img decoding=\"async\" src=\"wp-content\/pic\/2013\/wittenberg_2013_loe02.jpg\" alt=\"\"\/>\n<\/p>\n<p>\nBei v\u00f6llig unberechenbaren Streckenverh\u00e4ltnissen, Eis wechselte mit Schnee und Matsch sowie durchgefrorenen Boden, war Volvo H\u00e4uptling Jochen Walter einfach eine Klasse f\u00fcr sich. Dass dies nur an den in diesem Jahr bereits absolvierten Winterrallyes im schneesicheren skandinavischen Norden lag darf bezweifelt werden, geschadet hat es mit Sicherheit nicht.<br \/>\nDie Pl\u00e4tze dahinter verteilten sich schnell auf das nieders\u00e4chsische Duo Ralf Schmidt \/ Ulf Horn in ihrem 744er vor dem amtierenden Meistern Werner L\u00f6seke \/ Paul Tenberge im neu aufgebauten 9er (im smarten Mausgrau metallic) sowie der hessisch-s\u00e4chsischen 2er Paarung Wolfgang Frantz \/ Philipp Hutzler.\n<\/p>\n<p>\n<img decoding=\"async\" src=\"wp-content\/pic\/2013\/wittenberg_2013_smi01.jpg\" alt=\"\"\/> <img decoding=\"async\" src=\"wp-content\/pic\/2013\/wittenberg_2013_smi02.jpg\" alt=\"\"\/>\n<\/p>\n<p>\nNachdem sich in der Pause nach drei WP alle \u00fcber ihre gr\u00f6\u00dferen und kleineren ,,Aha&#8220; Erlebnisse ausgetauscht hatten und den \u00dcberraschungen der zweiten Schleife harten, sprang pl\u00f6tzlich der gr\u00fcn\/rote Volvo von Frantz \/ Hutzler nicht mehr an. Feierabend.<br \/>\nJochen Walther fuhr mit Sohnemann Felix weiterhin Kreise um die Konkurrenz, w\u00e4hrend Ralf Schmidt alle H\u00e4nde voll zu tun hatte, den Ex-Kn\u00f6bel Volvo sicher ins Ziel zu steuern. Letzteres gelang Werner L\u00f6seke leider nicht, Einschlag auf WP6 und damit leider raus.\n<\/p>\n<p>\n<img decoding=\"async\" src=\"wp-content\/pic\/2013\/wittenberg_2013_fra01.jpg\" alt=\"\"\/> <img decoding=\"async\" src=\"wp-content\/pic\/2013\/wittenberg_2013_loe03.jpg\" alt=\"\"\/>\n<\/p>\n<p>\nFelix Holland und Jochen Walther strahlten bei der Siegerehrung um die Wette, Ralf Schmidt und Ulf Horn dachten da wohl schon eher wieder an eine weitere Nacht im Werkstattwagen. Bei kuscheligen 12\u00b0C unter Null!<br \/>\nSollte es zum n\u00e4chsten Lauf, der Fontane Rallye in Neuruppin am 20.04.2013, tats\u00e4chlich etwas w\u00e4rmer werden, werden sich auch mehr der schwedischen Schlachtr\u00f6sser zur Gaudi von Fans und Fahrern einfinden.\n<\/p>\n<p>\nKnut-Inge\n<\/p>\n<p>\nBilder: Sebastian Drews RallyePixel.de und Klaus Richter<\/p>\n","protected":false},"excerpt":{"rendered":"<p>Vier Volvo Besatzungen stellten sich dem winterlichen Abenteuer in der Lutherstadt, s\u00fcdlich von Berlin. Fritsch \/ Luthardt hatten zwar in bester Absicht genannt, jedoch machten ihnen Motorenprobleme einen Strich durch die Rechnung. Bei v\u00f6llig unberechenbaren Streckenverh\u00e4ltnissen, Eis wechselte mit Schnee und Matsch sowie durchgefrorenen Boden, war Volvo H\u00e4uptling Jochen Walter einfach eine Klasse f\u00fcr sich. [&hellip;]<\/p>\n","protected":false},"author":79,"featured_media":0,"comment_status":"closed","ping_status":"closed","sticky":false,"template":"","format":"standard","meta":{"footnotes":""},"categories":[52],"tags":[],"class_list":["post-659","post","type-post","status-publish","format-standard","hentry","category-volvo-original-2013"],"_links":{"self":[{"href":"http:\/\/volvo-original.de\/index.php?rest_route=\/wp\/v2\/posts\/659","targetHints":{"allow":["GET"]}}],"collection":[{"href":"http:\/\/volvo-original.de\/index.php?rest_route=\/wp\/v2\/posts"}],"about":[{"href":"http:\/\/volvo-original.de\/index.php?rest_route=\/wp\/v2\/types\/post"}],"author":[{"embeddable":true,"href":"http:\/\/volvo-original.de\/index.php?rest_route=\/wp\/v2\/users\/79"}],"replies":[{"embeddable":true,"href":"http:\/\/volvo-original.de\/index.php?rest_route=%2Fwp%2Fv2%2Fcomments&post=659"}],"version-history":[{"count":4,"href":"http:\/\/volvo-original.de\/index.php?rest_route=\/wp\/v2\/posts\/659\/revisions"}],"predecessor-version":[{"id":663,"href":"http:\/\/volvo-original.de\/index.php?rest_route=\/wp\/v2\/posts\/659\/revisions\/663"}],"wp:attachment":[{"href":"http:\/\/volvo-original.de\/index.php?rest_route=%2Fwp%2Fv2%2Fmedia&parent=659"}],"wp:term":[{"taxonomy":"category","embeddable":true,"href":"http:\/\/volvo-original.de\/index.php?rest_route=%2Fwp%2Fv2%2Fcategories&post=659"},{"taxonomy":"post_tag","embeddable":true,"href":"http:\/\/volvo-original.de\/index.php?rest_route=%2Fwp%2Fv2%2Ftags&post=659"}],"curies":[{"name":"wp","href":"https:\/\/api.w.org\/{rel}","templated":true}]}}