{"id":677,"date":"2013-06-18T18:21:21","date_gmt":"2013-06-18T16:21:21","guid":{"rendered":"http:\/\/www.volvo-original.de\/?p=677"},"modified":"2013-06-18T18:21:21","modified_gmt":"2013-06-18T16:21:21","slug":"was-bisher-geschah","status":"publish","type":"post","link":"http:\/\/volvo-original.de\/?p=677","title":{"rendered":"Was bisher geschah&#8230;"},"content":{"rendered":"<p>Bereits 6 L\u00e4ufe zum Volvo-Original Cup sind im diesem Jahr \u00fcber die sportliche B\u00fchne gegangen. Fast im Wochen Rythmus wurden die Elche \u00fcber die Ralleypisten getrieben. Viel zu schnell f\u00fcr die Schreiberlinge, um zeitnah \u00fcber das gesamte Geschehen zu berichten. \u00dcber die L\u00e4ufe in Wittenberg und Sulingen wurde ja bereits informiert. Hier nun eine kurze Zusammenfassung der weiteren Ereignisse.<\/p>\n<p>\nEnde April fand in Neuruppin die Fontane-Rallye der Ruppiner RSG statt. Leider hatten nur 3 der schwedischen Schlachtr\u00f6sser den Weg in den Norden gefunden, es lag wohl etwas an den Folgeterminen. Jochen Walter aus Hohen Lukow zeigte von Beginn an, dass er der Volvo Chef auch auf der Piste ist. Silvio Molitor konnte aber bei seiner Heimveranstaltung im Bernstein-Auto den R\u00fcckstand respektabel in Grenzen halten und auch Teilzeit-Volvo Fahrer Kai Riemer hat gezeigt, dass er noch nicht eingerostet ist. So blieb die Reihenfolge bis ins Ziel konstant, f\u00fcr n\u00e4chstes Jahr w\u00e4ren ein paar mehr Autos w\u00fcnschenswert, die Ruppiner h\u00e4tten es verdient.\n<\/p>\n<p>\nNur eine Woche sp\u00e4ter rief die Roland Rallye auf die legend\u00e4ren Pisten in den S\u00fcdharz. Diesmal immerhin mit 5 Autos der skandinavischen Quertreiberfraktion. Im Gegensatz zur Fontane gab es hier keine Sch\u00f6nwetterveranstaltung. N\u00e4chtlicher Dauerregen hatte die Pisten aufgeweicht. F\u00fcr die Volvos jedoch alles kein Problem, Ausfallquote 0. Von Beginn an gab der Ex-Champion und Favorit Andreas Leue die Zeiten vor. Bis zur Halbzeit konnten Ralf Schmidt und Hagen Fritsch noch ganz gut mithalten, dann setzte sich jedoch die Routine des Berliners durch. Sehenswerter Kampf um Platz 2, den Hagen Fritsch erst auf der letzten WP (ber\u00fchmt, ber\u00fcchtigter Kurs am Gehege) knapp vor Ralf Schmidt f\u00fcr sich entscheiden konnte. Platz 4 sicherte sich Youngster Philipp Musholt vor J\u00fcrgen Noll, der nach langer Winterpause erst zum Schluss der Rallye wieder richtig in Tritt kam.\n<\/p>\n<p><img decoding=\"async\" src=\"wp-content\/pic\/2013\/emmersdorf_2013_fri01.jpg\" alt=\"\"\/> <img decoding=\"async\" src=\"wp-content\/pic\/2013\/emmersdorf_2013_loe01.jpg\" alt=\"\"\/><\/p>\n<p>\nJust am Pfingstwochenende ging es im niederbayerischen Emmersdorf bereits zum f\u00fcnften Mal um Punkte im Volvo Cup. Diesmal mit 4 Teams, die die Schweden Panzer durch die f\u00fcrstlichen W\u00e4lder derer von Arentin  treiben wollten. WP 1 begann gleich mal mit einer faustdicken \u00dcberraschung. Stefan Haberland aus dem oberbayrischen Miesbach setzte bei seiner ersten Rallye in diesem Jahr gleich einmal die Bestmarke. Ca. 3 Sekunden dahinter k\u00e4mpften aber Ralf Schmidt, Hagen Fritsch und Werner L\u00f6seke im 1 Sekunden Abstand um die Pl\u00e4tze. Das konnte ja noch spannend werden. Stefan Haberland startete so vermutlich etwas \u00fcbermotiviert in WP2, den nach wenigen Kilometern versenkte er den blauen 9er sanft zwischen adligen Tannen. Ab jetzt schlug die Stunde von Werner L\u00f6seke, der die Schmach von WP 1 nicht auf sich sitzen lassen wollte. Kleine Schrecksekunde auf der bekannten WP Kiesgrube. Ralf Schmidt hatte sich hier mit einem v\u00f6llig verst\u00f6rten Reh angelegt, was Ralf ordentlich aus dem Konzept brachte. Es reichte trotzdem zur Bestzeit f\u00fcr Herrn Schmidt. Alle drei verbliebenen Volvos hier \u00fcbrigens innerhalb von 0,6 sec.! Werner L\u00f6seke lies aber nichts mehr anbrennen und gewann vor Ralf Schmidt und Hagen Fritsch.\n<\/p>\n<p><img decoding=\"async\" src=\"wp-content\/pic\/2013\/emmersdorf_2013_smi01.jpg\" alt=\"\"\/> <img decoding=\"async\" src=\"wp-content\/pic\/2013\/emmersdorf_2013_fri02.jpg\" alt=\"\"\/><\/p>\n<p>\nAm 15.06.13 rief die Rallye Dackfejden ins S\u00fcdschwedische V\u00e4xj\u00f6. Nur 2 Deutsche trauten sich zu, sich mit der schwedischen Elite zu messen. F\u00fcr den deutschen Cup zwar egal, gewertet wurde nur unter den deutschen Teilnehmern, aber f\u00fcrs Ego doch immens wichtig. Jochen Walter und Siggi Mayr machten sich so auch keine \u00fcbertriebenen Hoffnungen, beide kennen die schwedische Rallye Szene ganz gut und wussten was auf sie zukommt. Trotzdem sprach Jochen Walter hinterher von der neuen Erfindung der Langsamkeit, obwohl gerade mal 0,2 sec. hinter Ex-Europa Champion Roger Franson im Ziel. Ein ,,Bengel&#8220; (Zitat J.Walter) hat ihm im 2er (!) wohl derma\u00dfen verhauen, dass dieser die Messlatte f\u00fcr schnelles Autofahren nun etwas h\u00f6her legen musste. Immerhin konnte er sich mit dem Gewinn der internen deutschen Wertung tr\u00f6sten, denn Siggi Mayr ben\u00f6tigte nochmals 3 Minuten l\u00e4nger als der Landwirt von der Ostsee. Und ein Siggi Mayr gilt auch in Deutschland schon als Hausnummer!\n<\/p>\n<p><img decoding=\"async\" src=\"wp-content\/pic\/2013\/nordhausen_2013_fri01.jpg\" alt=\"\"\/> <img decoding=\"async\" src=\"wp-content\/pic\/2013\/nordhausen_2013_smi01.jpg\" alt=\"\"\/><\/p>\n<p>\nSollen wir also alle nach Schweden fahren, um uns mal so richtig den Hintern versohlen zu lassen? Oder sollten wir weiter im deutschen Land unsere m\u00fchsam aufgebauten Egos hegen und pflegen, um den einheimischen Zuschauern weiterhin den gepflegten Driftwinkel in den aufgemotzten Familienlimousinen zu pr\u00e4sentieren?<br \/>\nDie Antwort muss wohl bis n\u00e4chstes Jahr offen bleiben. Weiter geht es hier erst einmal am 29.06.13 in G\u00fcstrow. Der Bergring ruft, mehr sag ich nicht!\n<\/p>\n<p><img decoding=\"async\" src=\"wp-content\/pic\/2013\/nordhausen_2013_mus01.jpg\" alt=\"\"\/> <img decoding=\"async\" src=\"wp-content\/pic\/2013\/nordhausen_2013_leu01.jpg\" alt=\"\"\/><\/p>\n<p>Knut-Inge<\/p>\n<p>Bilder: Sebastian Knorr, KP pictures*, Sascha Graf<\/p>\n","protected":false},"excerpt":{"rendered":"<p>Bereits 6 L\u00e4ufe zum Volvo-Original Cup sind im diesem Jahr \u00fcber die sportliche B\u00fchne gegangen. Fast im Wochen Rythmus wurden die Elche \u00fcber die Ralleypisten getrieben. Viel zu schnell f\u00fcr die Schreiberlinge, um zeitnah \u00fcber das gesamte Geschehen zu berichten. \u00dcber die L\u00e4ufe in Wittenberg und Sulingen wurde ja bereits informiert. Hier nun eine kurze [&hellip;]<\/p>\n","protected":false},"author":79,"featured_media":0,"comment_status":"closed","ping_status":"closed","sticky":false,"template":"","format":"standard","meta":{"footnotes":""},"categories":[52],"tags":[],"class_list":["post-677","post","type-post","status-publish","format-standard","hentry","category-volvo-original-2013"],"_links":{"self":[{"href":"http:\/\/volvo-original.de\/index.php?rest_route=\/wp\/v2\/posts\/677","targetHints":{"allow":["GET"]}}],"collection":[{"href":"http:\/\/volvo-original.de\/index.php?rest_route=\/wp\/v2\/posts"}],"about":[{"href":"http:\/\/volvo-original.de\/index.php?rest_route=\/wp\/v2\/types\/post"}],"author":[{"embeddable":true,"href":"http:\/\/volvo-original.de\/index.php?rest_route=\/wp\/v2\/users\/79"}],"replies":[{"embeddable":true,"href":"http:\/\/volvo-original.de\/index.php?rest_route=%2Fwp%2Fv2%2Fcomments&post=677"}],"version-history":[{"count":1,"href":"http:\/\/volvo-original.de\/index.php?rest_route=\/wp\/v2\/posts\/677\/revisions"}],"predecessor-version":[{"id":678,"href":"http:\/\/volvo-original.de\/index.php?rest_route=\/wp\/v2\/posts\/677\/revisions\/678"}],"wp:attachment":[{"href":"http:\/\/volvo-original.de\/index.php?rest_route=%2Fwp%2Fv2%2Fmedia&parent=677"}],"wp:term":[{"taxonomy":"category","embeddable":true,"href":"http:\/\/volvo-original.de\/index.php?rest_route=%2Fwp%2Fv2%2Fcategories&post=677"},{"taxonomy":"post_tag","embeddable":true,"href":"http:\/\/volvo-original.de\/index.php?rest_route=%2Fwp%2Fv2%2Ftags&post=677"}],"curies":[{"name":"wp","href":"https:\/\/api.w.org\/{rel}","templated":true}]}}