{"id":749,"date":"2014-04-05T10:25:03","date_gmt":"2014-04-05T08:25:03","guid":{"rendered":"http:\/\/www.volvo-original.de\/?p=749"},"modified":"2014-04-05T10:27:01","modified_gmt":"2014-04-05T08:27:01","slug":"auftakt-2014-in-wittenberg","status":"publish","type":"post","link":"http:\/\/volvo-original.de\/?p=749","title":{"rendered":"Auftakt 2014 in Wittenberg"},"content":{"rendered":"<p>Haalllooo!!!<\/p>\n<p>\nWo seid Ihr? Liebe Volvo-Treter? Alle noch im Winterschlaf ?<br \/>\nNur 3 Autos beim Saisonauftakt in der Lutherstadt s\u00fcdlich von Berlin, das muss besser werden! Schlie\u00dflich schlummern gesch\u00e4tzt mehr als 15 der spektakul\u00e4ren Familienlimousinen in den deutschen Garagen. OK, der J\u00fcrgen Noll w\u00e4re sicher gern gekommen. Von hier aus gute Besserung J\u00fcrgen! Alle Mitglieder der deutschen VOC-Quertreiber Szene w\u00fcnschen Dir auf diesem Wege alles Gute! Und komm bald wieder zur\u00fcck.\n<\/p>\n<p><img decoding=\"async\" src=\"wp-content\/pic\/2014\/wittenberg_2014_loe01s.jpg\" alt=\"\"\/> <img decoding=\"async\" src=\"wp-content\/pic\/2014\/wittenberg_2014_fra01s.jpg\" alt=\"\"\/><\/p>\n<p>\nImmerhin gab Wolfgang Frantz nach einj\u00e4hriger Pause sein Comeback, diesmal mit neuem Beifahrer Oliver Schmitt. Hinzu kamen das Meisterteam der letzten beiden Jahre, Werner L\u00f6seke und Paul Tenberge in ihrem bekannt schnellen 944er sowie Hagen Fritsch \/ Martin Luthardt aus Th\u00fcringen, wie Frantz im einem 244er.<br \/>\nNachdem Fritsch\/ Luthardt bereits beim Abfahren Elektrik Probleme plagten (hier \u00fcbrigens ein gro\u00dfes Dankesch\u00f6n an die rallyebegeisterten Einwohner von Schmilkendorf, die in 10 Minuten mal eben ein neues Pluskabel f\u00fcr die Batterie gebaut haben!) lie\u00df sie w\u00e4hrend der Rallye der Benzindruck im Stich, in WP4 kam dann ganz das Aus f\u00fcr beide.<br \/>\nAuch wenn Werner L\u00f6seke ab Halbzeit den dritten Gang verlor, sahen die Zeiten auf dem Monitor doch sehr souver\u00e4n aus. Die beiden hatten sicher Ihren Spa\u00df und begannen so das neue Jahr, wie sie im alten aufgeh\u00f6hrt hatten! Sieg im Volvo Cup und Platz 3 in der Klasse. Gl\u00fcckwunsch nach Nordrhein-Westfalen!\n<\/p>\n<p>\nWolfgang Frantz und Oliver Schmitt nutzten die Rallye um sich gemeinsam aufeinander abzustimmen und das Auto nach so langer Pause einem ersten Test zu unterziehen. Platz zwei im VOC kann sich dabei als Ergebnis durchaus sehen lassen. Am 17.Mai zieht der Volvo Cup, der sich in diesem Jahr sehr eng an den Kalender der Schotter Cup anlehnt, dann nach Nordhausen im S\u00fcdharz. Hoffen wir auf ein besser gef\u00fclltes Teilnehmer Feld, dann sind Action und Driftwinkel der Extraklasse f\u00fcr alle garantiert.\n<\/p>\n<p>\nKnut-Inge\n<\/p>\n<p>\nBilder: Sascha Graf &#8211; <a href=\"http:\/\/www.rallyefotograf.de\">www.rallyefotograf.de<\/a><\/p>\n","protected":false},"excerpt":{"rendered":"<p>Haalllooo!!! Wo seid Ihr? Liebe Volvo-Treter? Alle noch im Winterschlaf ? Nur 3 Autos beim Saisonauftakt in der Lutherstadt s\u00fcdlich von Berlin, das muss besser werden! Schlie\u00dflich schlummern gesch\u00e4tzt mehr als 15 der spektakul\u00e4ren Familienlimousinen in den deutschen Garagen. OK, der J\u00fcrgen Noll w\u00e4re sicher gern gekommen. Von hier aus gute Besserung J\u00fcrgen! Alle Mitglieder [&hellip;]<\/p>\n","protected":false},"author":79,"featured_media":0,"comment_status":"closed","ping_status":"closed","sticky":false,"template":"","format":"standard","meta":{"footnotes":""},"categories":[54],"tags":[],"class_list":["post-749","post","type-post","status-publish","format-standard","hentry","category-volvo-original-2014"],"_links":{"self":[{"href":"http:\/\/volvo-original.de\/index.php?rest_route=\/wp\/v2\/posts\/749","targetHints":{"allow":["GET"]}}],"collection":[{"href":"http:\/\/volvo-original.de\/index.php?rest_route=\/wp\/v2\/posts"}],"about":[{"href":"http:\/\/volvo-original.de\/index.php?rest_route=\/wp\/v2\/types\/post"}],"author":[{"embeddable":true,"href":"http:\/\/volvo-original.de\/index.php?rest_route=\/wp\/v2\/users\/79"}],"replies":[{"embeddable":true,"href":"http:\/\/volvo-original.de\/index.php?rest_route=%2Fwp%2Fv2%2Fcomments&post=749"}],"version-history":[{"count":4,"href":"http:\/\/volvo-original.de\/index.php?rest_route=\/wp\/v2\/posts\/749\/revisions"}],"predecessor-version":[{"id":753,"href":"http:\/\/volvo-original.de\/index.php?rest_route=\/wp\/v2\/posts\/749\/revisions\/753"}],"wp:attachment":[{"href":"http:\/\/volvo-original.de\/index.php?rest_route=%2Fwp%2Fv2%2Fmedia&parent=749"}],"wp:term":[{"taxonomy":"category","embeddable":true,"href":"http:\/\/volvo-original.de\/index.php?rest_route=%2Fwp%2Fv2%2Fcategories&post=749"},{"taxonomy":"post_tag","embeddable":true,"href":"http:\/\/volvo-original.de\/index.php?rest_route=%2Fwp%2Fv2%2Ftags&post=749"}],"curies":[{"name":"wp","href":"https:\/\/api.w.org\/{rel}","templated":true}]}}