{"id":756,"date":"2014-05-23T19:09:00","date_gmt":"2014-05-23T17:09:00","guid":{"rendered":"http:\/\/www.volvo-original.de\/?p=756"},"modified":"2014-05-23T19:09:00","modified_gmt":"2014-05-23T17:09:00","slug":"roland-rallye-nordhausen","status":"publish","type":"post","link":"http:\/\/volvo-original.de\/?p=756","title":{"rendered":"Roland Rallye Nordhausen"},"content":{"rendered":"<p>Details zum zweiten Lauf der VOC Saison folgen in K\u00fcrze &#8211; hier zun\u00e4chst ein paar Impressionen der Volvos:<\/p>\n<p><img decoding=\"async\" src=\"wp-content\/pic\/2014\/nordhausen_smi01.jpg\" alt=\"\"\/> <img decoding=\"async\" src=\"wp-content\/pic\/2014\/nordhausen_smi02.jpg\" alt=\"\"\/><\/p>\n<\/p>\n<p><img decoding=\"async\" src=\"wp-content\/pic\/2014\/nordhausen_leu01.jpg\" alt=\"\"\/> <img decoding=\"async\" src=\"wp-content\/pic\/2014\/nordhausen_leu02.jpg\" alt=\"\"\/><\/p>\n<\/p>\n<p><img decoding=\"async\" src=\"wp-content\/pic\/2014\/nordhausen_fra01.jpg\" alt=\"\"\/> <img decoding=\"async\" src=\"wp-content\/pic\/2014\/nordhausen_fra02.jpg\" alt=\"\"\/><\/p>\n<\/p>\n<p><img decoding=\"async\" src=\"wp-content\/pic\/2014\/nordhausen_loe01.jpg\" alt=\"\"\/> <img decoding=\"async\" src=\"wp-content\/pic\/2014\/nordhausen_vol01.jpg\" alt=\"\"\/><\/p>\n<\/p>\n<p><img decoding=\"async\" src=\"wp-content\/pic\/2014\/nordhausen_smi03.jpg\" alt=\"\"\/> <img decoding=\"async\" src=\"wp-content\/pic\/2014\/nordhausen_leu03.jpg\" alt=\"\"\/><\/p>\n<p>\n&#8218; Es war wieder eine sch\u00f6ne Veranstaltung und man hat die Volvos wieder fliegen sehen, sehr entfesselt Andreas Leue, f\u00fcr die Optik war es f\u00fcr Bestnoten gut. &#8218; so J\u00f6rg.<\/p>\n","protected":false},"excerpt":{"rendered":"<p>Details zum zweiten Lauf der VOC Saison folgen in K\u00fcrze &#8211; hier zun\u00e4chst ein paar Impressionen der Volvos: &#8218; Es war wieder eine sch\u00f6ne Veranstaltung und man hat die Volvos wieder fliegen sehen, sehr entfesselt Andreas Leue, f\u00fcr die Optik war es f\u00fcr Bestnoten gut. &#8218; so J\u00f6rg.<\/p>\n","protected":false},"author":3,"featured_media":0,"comment_status":"closed","ping_status":"closed","sticky":false,"template":"","format":"standard","meta":{"footnotes":""},"categories":[54],"tags":[],"class_list":["post-756","post","type-post","status-publish","format-standard","hentry","category-volvo-original-2014"],"_links":{"self":[{"href":"http:\/\/volvo-original.de\/index.php?rest_route=\/wp\/v2\/posts\/756","targetHints":{"allow":["GET"]}}],"collection":[{"href":"http:\/\/volvo-original.de\/index.php?rest_route=\/wp\/v2\/posts"}],"about":[{"href":"http:\/\/volvo-original.de\/index.php?rest_route=\/wp\/v2\/types\/post"}],"author":[{"embeddable":true,"href":"http:\/\/volvo-original.de\/index.php?rest_route=\/wp\/v2\/users\/3"}],"replies":[{"embeddable":true,"href":"http:\/\/volvo-original.de\/index.php?rest_route=%2Fwp%2Fv2%2Fcomments&post=756"}],"version-history":[{"count":1,"href":"http:\/\/volvo-original.de\/index.php?rest_route=\/wp\/v2\/posts\/756\/revisions"}],"predecessor-version":[{"id":757,"href":"http:\/\/volvo-original.de\/index.php?rest_route=\/wp\/v2\/posts\/756\/revisions\/757"}],"wp:attachment":[{"href":"http:\/\/volvo-original.de\/index.php?rest_route=%2Fwp%2Fv2%2Fmedia&parent=756"}],"wp:term":[{"taxonomy":"category","embeddable":true,"href":"http:\/\/volvo-original.de\/index.php?rest_route=%2Fwp%2Fv2%2Fcategories&post=756"},{"taxonomy":"post_tag","embeddable":true,"href":"http:\/\/volvo-original.de\/index.php?rest_route=%2Fwp%2Fv2%2Ftags&post=756"}],"curies":[{"name":"wp","href":"https:\/\/api.w.org\/{rel}","templated":true}]}}