{"id":768,"date":"2014-08-05T19:50:03","date_gmt":"2014-08-05T17:50:03","guid":{"rendered":"http:\/\/www.volvo-original.de\/?p=768"},"modified":"2014-08-06T17:48:07","modified_gmt":"2014-08-06T15:48:07","slug":"traditionell-neu-aufgelegt-der-bergring-ruft","status":"publish","type":"post","link":"http:\/\/volvo-original.de\/?p=768","title":{"rendered":"Traditionell neu aufgelegt &#8211; der Bergring ruft"},"content":{"rendered":"<p>Ganz traditionell, im 3. Jahr, reist Jochen Walther zum Teterower Bergring. Dies mit der Aussage: Das ist besser als Finnland! Das ist ein Wort. So pr\u00fcfen wir das, denken sich die Teams Fritsch und Frese. L\u00f6seke\/Tenberge reden nicht viel dar\u00fcber. Sie sind einfach da, strahlen gro\u00dfe Vorfreude aus und  sind auch noch optimal bereift. Sicher, wer die Ausschreibung liest, ist vielleicht im Vorteil.<\/p>\n<p>\nJochen bringt mit Michael Doss einen neuen Beifahrer ins Geschehen ein. Michael strahlt nach dem Rallyesprint \u00fcber alle Ohren und darf mit auf das Podest als 5. im Gesamt und als Klassensieger. Sicherlich werden sp\u00e4testens in diesem Moment weitere Ausfl\u00fcge in Erw\u00e4gung gezogen. Werner L\u00f6seke und Paul Tenberge spulen gut gelaunt getestete Systeme ab. Lassen das Getriebe mal weitgehend heile und erfreuen sich schlichtweg der wunderbaren Veranstaltung. Der Bergring als Strecke an sich, ist einfach sehr gut ! Im Gesamtwerk bietet der Veranstalter einen Top-Rallyesprint !\n<\/p>\n<p>\n<img decoding=\"async\" src=\"wp-content\/pic\/2014\/bergring_wal01s.jpg\" alt=\"\"\/> <img decoding=\"async\" src=\"wp-content\/pic\/2014\/bergring.jpg\" alt=\"\"\/>\n<\/p>\n<p>\nSo erreicht Team L\u00f6seke\/Tenberge das Ziel unter den Top Ten von 34 Startern und 27 Autos im Ziel. Anja C. Frese war auch endlich mal wieder unterwegs mit erprobtem Material. Die M\u00e4dels, Vivien Gaddum als Co-Neuling an Bord, fanden sogar den Ring &#8211; also den Bergring &#8211; wobei Hagen Fritsch und Martin Luthard eine geschlagene Stunde warten mussten, bis sie des Nachts den Ring am Berg oberhalb von Teterow tats\u00e4chlich fanden.\n<\/p>\n<p>\nDennoch entspannt und extrem gut gelaunt traten die VOC-Teams am n\u00e4chsten Morgen die Besichtigungsrunde, die Fahrerbesprechung und schlie\u00dflich den Start an. Am Bergring ist Einiges anders als anderswo &#8211; das gef\u00e4llt diesen Volvos.\n<\/p>\n<p>\nDirekt nach dem Start beginnt Jochen die mehr-motorisierten Allrad-Autos zu \u00e4rgern. Dar\u00fcber soll an anderer, neutraler Stelle berichtet werden, wie beispielsweise im Rallye-Magazin. Das war bestimmt nicht seine Absicht, denn Eingangs war ja die Rede von seiner Wahrnehmung, n\u00e4mlich der finnischen Streckenverh\u00e4ltnisse am Ring. Das passte einfach, so sei es ihm verziehen.\n<\/p>\n<p>\nWerner und Paul ziehen ihr Ding durch und Hagen und Martin erf\u00fcllen ihren Traum: Einmal am Bergring Teterow zu starten. Das ganze Gel\u00e4nde ist einfach wirklich gut ! Und irgendwie sp\u00fcrt man, dass hier zu anderen Zeiten viele tausend Menschen zum Zuschauen kamen.\n<\/p>\n<p>\nAnja und Vivien basteln sich tiefenentspannt und mit kontinuierlicher Zeitverbesserung von WP zu WP. Hagen und Martin m\u00fcssen leider in WP 5 aufgeben. Der 244 geht nach der gro\u00dfen Kuppe aus und macht die Ballerina. Es will partout nicht mehr starten. Dabei waren Fritsch\/Luthard gut unterwegs, denn beispielsweise in WP2 waren sie schneller als Walther\/Doss. Nur mal erw\u00e4hnt, hier an dieser Stelle, schlichtweg f\u00fcr das Archiv.\n<\/p>\n<p>\nRundum eine klasse Veranstaltung &#8211; f\u00fcr den, der es mag. Leider kann ich f\u00fcr Euch keine weiteren Bildimpressionen anbei packen. Es gibt (keine Ahnung warum) keine Bilder.\n<\/p>\n<p>\nBis gleich, Euer Kalle\n<\/p>\n<p>\nBild: Rallye Magazin, <a href=\"http:\/\/www.bergring-teterow.de\/\">www.bergring-teterow.de\/<\/a><\/p>\n","protected":false},"excerpt":{"rendered":"<p>Ganz traditionell, im 3. Jahr, reist Jochen Walther zum Teterower Bergring. Dies mit der Aussage: Das ist besser als Finnland! Das ist ein Wort. So pr\u00fcfen wir das, denken sich die Teams Fritsch und Frese. L\u00f6seke\/Tenberge reden nicht viel dar\u00fcber. Sie sind einfach da, strahlen gro\u00dfe Vorfreude aus und sind auch noch optimal bereift. Sicher, [&hellip;]<\/p>\n","protected":false},"author":3,"featured_media":0,"comment_status":"closed","ping_status":"closed","sticky":false,"template":"","format":"standard","meta":{"footnotes":""},"categories":[54],"tags":[],"class_list":["post-768","post","type-post","status-publish","format-standard","hentry","category-volvo-original-2014"],"_links":{"self":[{"href":"http:\/\/volvo-original.de\/index.php?rest_route=\/wp\/v2\/posts\/768","targetHints":{"allow":["GET"]}}],"collection":[{"href":"http:\/\/volvo-original.de\/index.php?rest_route=\/wp\/v2\/posts"}],"about":[{"href":"http:\/\/volvo-original.de\/index.php?rest_route=\/wp\/v2\/types\/post"}],"author":[{"embeddable":true,"href":"http:\/\/volvo-original.de\/index.php?rest_route=\/wp\/v2\/users\/3"}],"replies":[{"embeddable":true,"href":"http:\/\/volvo-original.de\/index.php?rest_route=%2Fwp%2Fv2%2Fcomments&post=768"}],"version-history":[{"count":8,"href":"http:\/\/volvo-original.de\/index.php?rest_route=\/wp\/v2\/posts\/768\/revisions"}],"predecessor-version":[{"id":777,"href":"http:\/\/volvo-original.de\/index.php?rest_route=\/wp\/v2\/posts\/768\/revisions\/777"}],"wp:attachment":[{"href":"http:\/\/volvo-original.de\/index.php?rest_route=%2Fwp%2Fv2%2Fmedia&parent=768"}],"wp:term":[{"taxonomy":"category","embeddable":true,"href":"http:\/\/volvo-original.de\/index.php?rest_route=%2Fwp%2Fv2%2Fcategories&post=768"},{"taxonomy":"post_tag","embeddable":true,"href":"http:\/\/volvo-original.de\/index.php?rest_route=%2Fwp%2Fv2%2Ftags&post=768"}],"curies":[{"name":"wp","href":"https:\/\/api.w.org\/{rel}","templated":true}]}}