{"id":906,"date":"2015-12-09T21:31:53","date_gmt":"2015-12-09T19:31:53","guid":{"rendered":"http:\/\/www.volvo-original.de\/?p=906"},"modified":"2015-12-09T21:31:53","modified_gmt":"2015-12-09T19:31:53","slug":"vier-wetter-mix","status":"publish","type":"post","link":"http:\/\/volvo-original.de\/?p=906","title":{"rendered":"Vier-Wetter-Mix"},"content":{"rendered":"<p>Zum Abschluss einer au\u00dferordentlich erfolgreichen VOC-Saison stand freies Fahren im Driving Center Gro\u00df D\u00f6lln, nebst der Siegerehrung VOC Deutschland und Nordic West Euro Cup auf dem VOC-Plan. Volvo Cup Teilnehmer und geladene G\u00e4ste fanden ein bestens inszenierten Vier-Wetter-Mix zur Strecke vor.<\/p>\n<p>\n<img decoding=\"async\" src=\"wp-content\/pic\/2015\/doe02.jpg\" alt=\"\"\/>\n<\/p>\n<p>\nZun\u00e4chst sorgte feiner Rauhreif auf der morgendlichen Strecke f\u00fcr viele Ausrutscher und Dreher, was einige G\u00e4ste, die sich trauten mit zufahren vor v\u00f6llig neue Erlebnisse stellte. Der einsetzende Schnee, etwas matschig, aber wunderbar glitschig, war bestens geeignet um super slowly-side-ways daher zu kommen. Mit Runde um Runde, mal hier rum, mal da entlang, trocknete der feine Belag ab und es waren hohe Geschwindigkeiten drin. Die G\u00e4ste mit Fremdfabrikaten, die nicht so auf Rutschig epicht sind (geschweige denn schotter g\u00e4ngig sind), konnten nun ausf\u00fchrlich Testen.\n<\/p>\n<p>\nNach einem Snack zum Mittag setzte Regen ein &#8211; das machte den Vier-Wetter-Mix perfekt. Ein schlichter Winterreifen hatte hier die Nase vorn. Ein 15 Jahre alter Winterreifen (zum Testen gut geeignet) eventuell nicht so, aber schwarz und rund.\n<\/p>\n<p>\nJochen hatte alle H\u00e4nde voll zu tun, um nicht nur den Junioren zu zeigen wie man einen Volvo, der neben der Strecke fest steckt, fachgerecht frei zu schaufelt. Den ganzen Tag \u00fcber war er immer auf den Punkt &#8211; mit der Schaufel &#8211; (wo kam sie nur her und wohin verschwand sie wieder?) &#8211; hilfreich zur Stelle.\n<\/p>\n<p>\nAm Abend, nach einem leckerem Buffet, wurden die VOC-Teams geehrt sowie die ersten drei Teams des Nordic West Euro Cup. Dabei auch das schwedische Team Tom Kristensson und Timmy Brentsson, die den NWEC das ganze Jahr \u00fcber souver\u00e4n in Griff hatten. Genau genommen haben sie alle L\u00e4ufe gewonnen und konnten den letzten, die Waldviertel in \u00d6sterreich, sogar schw\u00e4nzen. Sigge Mayr und Hunbert Spindler wurden mit dem silbernen 244 Zweiter und Team Stefan Haberland mit Alex F\u00e4rber und Thomas Bern\u00f6cker Dritter. Congratualtions!\n<\/p>\n<p>\n<img decoding=\"async\" src=\"wp-content\/pic\/2015\/doe01.jpg\" alt=\"\"\/>\n<\/p>\n<p>\nIm VOC Deutschland hingegen war die finale Entscheidung bekanntlich zur Havelland Rallye gefallen, wo letztendlich Werner L\u00f6seke und Paul Tenberge punktgleich mit Andreas Leue und Vanessa Knof, den VOC-Meistertitel holten. \u00dcbers Jahr hatten Werner und Paul mehr zweite Pl\u00e4tze vorzuweisen. Denkbar knapp das. Herzlichen Gl\u00fcckwunsch an alle!\n<\/p>\n<p>\nWir m\u00f6chten an dieser Stelle Alfred Gorny danken, der im Laufe des Nachmittags dazu kam. Ein kleines Leckerli wurde ihm hoch offiziell \u00fcberreicht, als Symbol unseres Dankes f\u00fcr ein immer offenes Ohr, f\u00fcr Hilfestellung auf den Punkt, f\u00fcr &#8218;gro\u00dfe&#8216; als auch f\u00fcr &#8218;kleine&#8216; Teams! Danke!\n<\/p>\n<p>\nFinal wurde der Volvo Cup Kalender f\u00fcr 2016 festgelegt. Termine und L\u00e4ufe findet Ihr in K\u00fcrze der Rubrik Volvo Cup. Auch der Rahmenplan des NWEC steht &#8211; Details folgen.\n<\/p>\n<p>\n<img decoding=\"async\" src=\"wp-content\/pic\/2015\/doe03.jpg\" alt=\"\"\/>\n<\/p>\n<p>\nAus gegebenem Anlass gab es im Laufe des Abends sorgenvolle und intensive Gespr\u00e4che \u00fcber die Zukunft des Rallyesportes in Deutschland. Neue Regelungen sollen greifen. Dies muss zielf\u00fchrend diskutiert und idealerweise auf die Praxis, also die vorliegende Realit\u00e4t, angepasst werden. Die Stimmen der privaten Teams m\u00fcssen formuliert und geh\u00f6rt werden, denn auch f\u00fcr die privaten Teams soll Rallye zuk\u00fcnftig tragbar und gangbar bleiben.\n<\/p>\n<p>\nDennoch blicken wir freudig auf eine neue und mit Sicherheit spannende VOC-Saison 2016!\n<\/p>\n<p>\nBis gleich, Euer Kalle und Team!\n<\/p>\n<p>\nFotos: Horst Meyer\n<\/p><\/p>\n","protected":false},"excerpt":{"rendered":"<p>Zum Abschluss einer au\u00dferordentlich erfolgreichen VOC-Saison stand freies Fahren im Driving Center Gro\u00df D\u00f6lln, nebst der Siegerehrung VOC Deutschland und Nordic West Euro Cup auf dem VOC-Plan. Volvo Cup Teilnehmer und geladene G\u00e4ste fanden ein bestens inszenierten Vier-Wetter-Mix zur Strecke vor. Zun\u00e4chst sorgte feiner Rauhreif auf der morgendlichen Strecke f\u00fcr viele Ausrutscher und Dreher, was [&hellip;]<\/p>\n","protected":false},"author":3,"featured_media":0,"comment_status":"closed","ping_status":"closed","sticky":false,"template":"","format":"standard","meta":{"footnotes":""},"categories":[56],"tags":[],"class_list":["post-906","post","type-post","status-publish","format-standard","hentry","category-volvo-original-2015"],"_links":{"self":[{"href":"http:\/\/volvo-original.de\/index.php?rest_route=\/wp\/v2\/posts\/906","targetHints":{"allow":["GET"]}}],"collection":[{"href":"http:\/\/volvo-original.de\/index.php?rest_route=\/wp\/v2\/posts"}],"about":[{"href":"http:\/\/volvo-original.de\/index.php?rest_route=\/wp\/v2\/types\/post"}],"author":[{"embeddable":true,"href":"http:\/\/volvo-original.de\/index.php?rest_route=\/wp\/v2\/users\/3"}],"replies":[{"embeddable":true,"href":"http:\/\/volvo-original.de\/index.php?rest_route=%2Fwp%2Fv2%2Fcomments&post=906"}],"version-history":[{"count":3,"href":"http:\/\/volvo-original.de\/index.php?rest_route=\/wp\/v2\/posts\/906\/revisions"}],"predecessor-version":[{"id":909,"href":"http:\/\/volvo-original.de\/index.php?rest_route=\/wp\/v2\/posts\/906\/revisions\/909"}],"wp:attachment":[{"href":"http:\/\/volvo-original.de\/index.php?rest_route=%2Fwp%2Fv2%2Fmedia&parent=906"}],"wp:term":[{"taxonomy":"category","embeddable":true,"href":"http:\/\/volvo-original.de\/index.php?rest_route=%2Fwp%2Fv2%2Fcategories&post=906"},{"taxonomy":"post_tag","embeddable":true,"href":"http:\/\/volvo-original.de\/index.php?rest_route=%2Fwp%2Fv2%2Ftags&post=906"}],"curies":[{"name":"wp","href":"https:\/\/api.w.org\/{rel}","templated":true}]}}